{"id":6329,"date":"2024-11-15T08:10:02","date_gmt":"2024-11-15T08:10:02","guid":{"rendered":"https:\/\/jobcenter.lra-sm.de\/?p=6329"},"modified":"2026-04-21T09:11:43","modified_gmt":"2026-04-21T09:11:43","slug":"kreistag-beschliesst-neue-richtwerte-fuer-kosten-der-unterkunft","status":"publish","type":"post","link":"https:\/\/jobcenter.lra-sm.de\/?p=6329","title":{"rendered":"Kreistag beschlie\u00dft Richtwerte f\u00fcr Kosten der Unterkunft"},"content":{"rendered":"<p>Der Kreistag Schmalkalden-Meiningen hat in seiner Sitzung am 7. November 2024 neue Angemessenheitsrichtwerte f\u00fcr die Kosten der Unterkunft beschlossen. Diese neuen Richtwerte gelten ab dem 1. Dezember 2024 f\u00fcr alle Neu- und Folgeantr\u00e4ge sowie Zusicherungsverfahren bei Umz\u00fcgen und helfen dabei, den Leistungsberechtigten im Landkreis ausreichend angemessenen Wohnraum zur Verf\u00fcgung zu stellen.<\/p>\n<p><strong>Notwendigkeit und Hintergrund<\/strong><\/p>\n<p>Menschen, die ihren Lebensunterhalt nicht vollst\u00e4ndig aus eigenen Mitteln bestreiten k\u00f6nnen, erhalten im Rahmen der sozialen Sicherung die Kosten f\u00fcr ihre Unterkunft vom Kommunalen Jobcenter oder dem Fachdienst Soziales und Teilhabe. Diese Unterst\u00fctzung betrifft unter anderem Empf\u00e4nger von B\u00fcrgergeld (SGB-II-Leistungen) und der Grundsicherung im Alter oder bei Erwerbsminderung. Die H\u00f6he der \u00fcbernommenen Wohnkosten orientiert sich an den neu beschlossenen Angemessenheitswerten, die sicherstellen, dass die Betroffenen Zugang zu bezahlbarem und angemessenem Wohnraum haben.<\/p>\n<p><strong>Neue Angemessenheitsrichtwerte<\/strong><\/p>\n<p>Die Kosten der Unterkunft setzen sich unter anderem zusammen aus der Grundmiete und den kalten Betriebskosten (Brutto-Kaltmieten). Ob diese angemessen sind, wird anhand der neuen Richtwerte \u00fcberpr\u00fcft. Da der Gesetzgeber nicht definiert hat, was unter \u201eangemessen\u201c zu verstehen ist, ob und welche Wohnungsgr\u00f6\u00dfen, Ausstattungsmerkmale und Mietpreis-Obergrenzen jeweils anzusetzen sind, m\u00fcssen die kommunalen Tr\u00e4ger verbindliche Vorgaben in einem sogenannten schl\u00fcssigen Konzept festlegen. Grunds\u00e4tzlich gilt Wohnraum im Sinne des Gesetzes als angemessen, wenn er dem einfachen Wohnstandard zuzurechnen ist.<\/p>\n<p>Die neu beschlossenen Richtwerte f\u00fcr die Brutto-Kaltmieten wurden unterteilt in drei Vergleichsr\u00e4ume, die unterschiedliche regionale Mietniveaus innerhalb des Landkreises widerspiegeln: Meiningen, Schmalkalden und Zella-Mehlis. Die Werte sind gestaffelt nach Haushaltsgr\u00f6\u00dfe:<\/p>\n\n<table id=\"tablepress-18\" class=\"tablepress tablepress-id-18\">\n<thead>\n<tr class=\"row-1\">\n\t<td class=\"column-1\"><\/td><th class=\"column-2\">1 Person<\/th><th class=\"column-3\">2 Personen<\/th><th class=\"column-4\">3 Personen<\/th><th class=\"column-5\">4 Personen<\/th><th class=\"column-6\">5 Personen<\/th><th class=\"column-7\">jede weitere Person<\/th>\n<\/tr>\n<\/thead>\n<tbody class=\"row-striping row-hover\">\n<tr class=\"row-2\">\n\t<td class=\"column-1\">Meiningen<\/td><td class=\"column-2\">333,45<\/td><td class=\"column-3\">407,40<\/td><td class=\"column-4\">483,00<\/td><td class=\"column-5\">608,40<\/td><td class=\"column-6\">732,90<\/td><td class=\"column-7\">104,70<\/td>\n<\/tr>\n<tr class=\"row-3\">\n\t<td class=\"column-1\">Schmalkalden<\/td><td class=\"column-2\">333,00<\/td><td class=\"column-3\">382,80<\/td><td class=\"column-4\">502,50<\/td><td class=\"column-5\">610,20<\/td><td class=\"column-6\">705,60<\/td><td class=\"column-7\">100,80<\/td>\n<\/tr>\n<tr class=\"row-4\">\n\t<td class=\"column-1\">Zella-Mehlis<\/td><td class=\"column-2\">339,30<\/td><td class=\"column-3\">397,80<\/td><td class=\"column-4\">546,75<\/td><td class=\"column-5\">644,40<\/td><td class=\"column-6\">769,65<\/td><td class=\"column-7\">109,95<\/td>\n<\/tr>\n<\/tbody>\n<\/table>\n<!-- #tablepress-18 from cache -->\n<p>Zum Vergleichsraum Meiningen geh\u00f6ren:<br \/>\nMeiningen, Grabfeld, Rh\u00f6nblick sowie die Verwaltungsgemeinschaften Hohe Rh\u00f6n, Dolmar-Salzbr\u00fccke und Wasungen Amt Samt<\/p>\n<p>Zum Vergleichsraum Schmalkalden geh\u00f6ren:<br \/>\nDie Erf\u00fcllende Gemeinde Breitungen, Brotterode-Trusetal, Floh-Seligenthal, Schmalkalden und Steinbach-Hallenberg<\/p>\n<p>Zum Vergleichsraum Zella-Mehlis geh\u00f6ren:<br \/>\nZella-Mehlis und Oberhof<\/p>\n<p>Der Landkreis hatte im Vorfeld des Kreistagsbeschlusses das Beratungsunternehmen Analyse &amp; Konzepte aus Hamburg beauftragt, den regionalen Wohnungsmarkt zu untersuchen und auf Basis dieser Analyse die Angemessenheitswerte festgelegt. Diese wissenschaftlich fundierte Anpassung gew\u00e4hrleistet, dass die Richtwerte die derzeitigen Wohnverh\u00e4ltnisse im Landkreis realistisch abbilden und Leistungsempf\u00e4nger Zugang zu gen\u00fcgend Wohnraum im unteren Preissegment haben.<\/p>\n<p><strong>Weitere Regelungen und Unterst\u00fctzung<\/strong><\/p>\n<p>In Einzelf\u00e4llen, etwa bei gesundheitlichen Einschr\u00e4nkungen, Pflegebed\u00fcrftigkeit oder besonderem Betreuungsbedarf, k\u00f6nnen weiterhin Ausnahmeregelungen angewendet werden. Die neuen Richtwerte dienen somit als verbindliche Grundlage und bieten durch die regionale Differenzierung eine realistische und gerechte Unterst\u00fctzung.<\/p>\n<p>Der Landkreis Schmalkalden-Meiningen sieht sich mit diesen Ma\u00dfnahmen gut ger\u00fcstet, um den sozialen Wohnraum f\u00fcr die Anspruchsberechtigten sicherzustellen und gleichbleibende Standards in der\u00a0 Antragsbearbeitung zu gew\u00e4hrleisten.<\/p>\n<p><strong>Kontakt und weitere Informationen<\/strong><\/p>\n<p>Weitere Informationen sind online auf der Website des Landratsamtes des Kommunalen Jobcenters <a href=\"https:\/\/jobcenter.lra-sm.de\/?page_id=4005\"><strong>Link<\/strong><\/a> erh\u00e4ltlich. Bei individuellen Fragen stehen die zust\u00e4ndigen Sachbearbeiter des Kommunalen Jobcenters und des Fachdienstes Soziales und Teilhabe zur Verf\u00fcgung.<\/p>\n","protected":false},"excerpt":{"rendered":"Der Kreistag Schmalkalden-Meiningen hat in seiner Sitzung am 7. November 2024 neue Angemessenheitsrichtwerte f\u00fcr die Kosten der Unterkunft beschlossen. Diese neuen Richtwerte gelten ab dem 1. Dezember 2024 f\u00fcr alle Neu- und Folgeantr\u00e4ge sowie Zusicherungsverfahren bei Umz\u00fcgen und helfen dabei, den Leistungsberechtigten im Landkreis ausreichend angemessenen Wohnraum zur Verf\u00fcgung zu stellen. Notwendigkeit und Hintergrund Menschen, [&hellip;]","protected":false},"author":5,"featured_media":6328,"comment_status":"closed","ping_status":"open","sticky":false,"template":"","format":"standard","meta":{"_et_pb_use_builder":"","_et_pb_old_content":"","_et_gb_content_width":"","footnotes":""},"categories":[1,17],"tags":[],"class_list":["post-6329","post","type-post","status-publish","format-standard","has-post-thumbnail","hentry","category-allgemein","category-startseite_rechts_letzte_reihe"],"_links":{"self":[{"href":"https:\/\/jobcenter.lra-sm.de\/index.php?rest_route=\/wp\/v2\/posts\/6329","targetHints":{"allow":["GET"]}}],"collection":[{"href":"https:\/\/jobcenter.lra-sm.de\/index.php?rest_route=\/wp\/v2\/posts"}],"about":[{"href":"https:\/\/jobcenter.lra-sm.de\/index.php?rest_route=\/wp\/v2\/types\/post"}],"author":[{"embeddable":true,"href":"https:\/\/jobcenter.lra-sm.de\/index.php?rest_route=\/wp\/v2\/users\/5"}],"replies":[{"embeddable":true,"href":"https:\/\/jobcenter.lra-sm.de\/index.php?rest_route=%2Fwp%2Fv2%2Fcomments&post=6329"}],"version-history":[{"count":12,"href":"https:\/\/jobcenter.lra-sm.de\/index.php?rest_route=\/wp\/v2\/posts\/6329\/revisions"}],"predecessor-version":[{"id":6397,"href":"https:\/\/jobcenter.lra-sm.de\/index.php?rest_route=\/wp\/v2\/posts\/6329\/revisions\/6397"}],"wp:featuredmedia":[{"embeddable":true,"href":"https:\/\/jobcenter.lra-sm.de\/index.php?rest_route=\/wp\/v2\/media\/6328"}],"wp:attachment":[{"href":"https:\/\/jobcenter.lra-sm.de\/index.php?rest_route=%2Fwp%2Fv2%2Fmedia&parent=6329"}],"wp:term":[{"taxonomy":"category","embeddable":true,"href":"https:\/\/jobcenter.lra-sm.de\/index.php?rest_route=%2Fwp%2Fv2%2Fcategories&post=6329"},{"taxonomy":"post_tag","embeddable":true,"href":"https:\/\/jobcenter.lra-sm.de\/index.php?rest_route=%2Fwp%2Fv2%2Ftags&post=6329"}],"curies":[{"name":"wp","href":"https:\/\/api.w.org\/{rel}","templated":true}]}}