{"id":4952,"date":"2025-07-17T05:00:00","date_gmt":"2025-07-17T05:00:00","guid":{"rendered":"https:\/\/www.lra-sm.de\/jobcenter\/?p=4952"},"modified":"2026-04-21T09:12:25","modified_gmt":"2026-04-21T09:12:25","slug":"kommunales-jobcenter-eingliederungsbericht-2020","status":"publish","type":"post","link":"https:\/\/jobcenter.lra-sm.de\/?p=4952","title":{"rendered":"Kommunales Jobcenter: Eingliederungsbericht 2024"},"content":{"rendered":"<p>Das Kommunale Jobcenter des Landkreises Schmalkalden-Meiningen erstellte einen Eingliederungsbericht, der an dieser Stelle vorgestellt wird. Was beinhaltet ein solcher Bericht und wozu wird er verfasst? Das Bundesministerium f\u00fcr Arbeit und Soziales hat neben den gemeinsamen Einrichtungen auch Kommunen zur alleinigen Wahrnehmung der Aufgaben der Grundsicherung f\u00fcr Arbeitsuchende zugelassen. Sie nehmen in diesem Rahmen Aufgaben anstelle der Bundesagentur f\u00fcr Arbeit eigenverantwortlich wahr. Die zugelassenen kommunalen Tr\u00e4ger \u00fcbermitteln dem Bundesministerium f\u00fcr Arbeit und Soziales j\u00e4hrlich einen Eingliederungsbericht, in dem dargestellt wird, welche Strategien bei den Bem\u00fchungen um Eingliederung und um \u00dcberwindung der Hilfebed\u00fcrftigkeit von Leistungsempf\u00e4ngern angewandt wurden und wie die im Vorjahr erzielten Ergebnisse aus Sicht des Landkreises bzw. der kreisfreien Stadt bewertet werden.<\/p>\n<p>Eingliederungsbericht 2024<\/p>\n<p><a href=\"https:\/\/jobcenter.lra-sm.de\/wp-content\/uploads\/2025\/07\/Eingliederungsbericht-2024.pdf\" download=\"\"><img loading=\"lazy\" decoding=\"async\" class=\"alignnone wp-image-6454 size-medium\" src=\"https:\/\/jobcenter.lra-sm.de\/wp-content\/uploads\/2025\/07\/Eingliederungsbericht-Foto-214x300.png\" alt=\"\" width=\"214\" height=\"300\" \/><\/a><\/p>\n<p>&nbsp;<\/p>\n<p>&nbsp;<\/p>\n<p>&nbsp;<\/p>\n<p>&nbsp;<\/p>\n","protected":false},"excerpt":{"rendered":"Das Kommunale Jobcenter des Landkreises Schmalkalden-Meiningen erstellte einen Eingliederungsbericht, der an dieser Stelle vorgestellt wird. Was beinhaltet ein solcher Bericht und wozu wird er verfasst? Das Bundesministerium f\u00fcr Arbeit und Soziales hat neben den gemeinsamen Einrichtungen auch Kommunen zur alleinigen Wahrnehmung der Aufgaben der Grundsicherung f\u00fcr Arbeitsuchende zugelassen. Sie nehmen in diesem Rahmen Aufgaben anstelle [&hellip;]","protected":false},"author":5,"featured_media":6001,"comment_status":"closed","ping_status":"open","sticky":false,"template":"","format":"standard","meta":{"_et_pb_use_builder":"","_et_pb_old_content":"","_et_gb_content_width":"","footnotes":""},"categories":[1,12],"tags":[],"class_list":["post-4952","post","type-post","status-publish","format-standard","has-post-thumbnail","hentry","category-allgemein","category-startseite_links_mitte"],"_links":{"self":[{"href":"https:\/\/jobcenter.lra-sm.de\/index.php?rest_route=\/wp\/v2\/posts\/4952","targetHints":{"allow":["GET"]}}],"collection":[{"href":"https:\/\/jobcenter.lra-sm.de\/index.php?rest_route=\/wp\/v2\/posts"}],"about":[{"href":"https:\/\/jobcenter.lra-sm.de\/index.php?rest_route=\/wp\/v2\/types\/post"}],"author":[{"embeddable":true,"href":"https:\/\/jobcenter.lra-sm.de\/index.php?rest_route=\/wp\/v2\/users\/5"}],"replies":[{"embeddable":true,"href":"https:\/\/jobcenter.lra-sm.de\/index.php?rest_route=%2Fwp%2Fv2%2Fcomments&post=4952"}],"version-history":[{"count":14,"href":"https:\/\/jobcenter.lra-sm.de\/index.php?rest_route=\/wp\/v2\/posts\/4952\/revisions"}],"predecessor-version":[{"id":6458,"href":"https:\/\/jobcenter.lra-sm.de\/index.php?rest_route=\/wp\/v2\/posts\/4952\/revisions\/6458"}],"wp:featuredmedia":[{"embeddable":true,"href":"https:\/\/jobcenter.lra-sm.de\/index.php?rest_route=\/wp\/v2\/media\/6001"}],"wp:attachment":[{"href":"https:\/\/jobcenter.lra-sm.de\/index.php?rest_route=%2Fwp%2Fv2%2Fmedia&parent=4952"}],"wp:term":[{"taxonomy":"category","embeddable":true,"href":"https:\/\/jobcenter.lra-sm.de\/index.php?rest_route=%2Fwp%2Fv2%2Fcategories&post=4952"},{"taxonomy":"post_tag","embeddable":true,"href":"https:\/\/jobcenter.lra-sm.de\/index.php?rest_route=%2Fwp%2Fv2%2Ftags&post=4952"}],"curies":[{"name":"wp","href":"https:\/\/api.w.org\/{rel}","templated":true}]}}